{"id":787,"date":"2020-10-01T09:08:25","date_gmt":"2020-10-01T07:08:25","guid":{"rendered":"http:\/\/www.antiquite-avenir.org\/?p=787"},"modified":"2020-10-01T09:08:25","modified_gmt":"2020-10-01T07:08:25","slug":"la-maitrise-du-latin-par-la-pratique","status":"publish","type":"post","link":"https:\/\/www.antiquite-avenir.org\/?p=787","title":{"rendered":"La ma\u00eetrise du latin par la pratique"},"content":{"rendered":"<p>La ma\u00eetrise du latin par la pratique<\/p>\n<p>Etienne Famerie (Professeur \u00e0 l\u2019Universit\u00e9 de Li\u00e8ge, o\u00f9 il dispense des enseignements dans le domaine des langues et lettres classiques (langue et philologie latines, \u00e9pigraphie grecque et latine), vient de faire para\u00eetre un nouvel ouvrage d&rsquo;apprentissage de la langue latine aux \u00e9ditions Armand Colin. Cet ouvrage est un compl\u00e9ment aux m\u00e9thodes d\u2019apprentissage de la langue. Il a comme ambition d\u2019offrir la comp\u00e9tence linguistique indispensable pour aborder l\u2019\u00e9tude approfondie des textes et documents latins. L\u2019acquisition de cette ma\u00eetrise contribue \u00e0 d\u00e9velopper une autre capacit\u00e9 essentielle : savoir interpr\u00e9ter la pens\u00e9e \u00e9crite d\u2019un auteur avec finesse et nuance.<\/p>\n<p>Voici le compte rendu de Luigi Sanchi :<\/p>\n<p><a href=\"http:\/\/antiquite-avenir.org\/wp-content\/uploads\/2020\/10\/CR_Famerie_La-ma\u00eetrise-du-latin_AA.pdf\">CR_Famerie_La ma\u00eetrise du latin_AA<\/a><\/p>\n<!-- AddThis Advanced Settings generic via filter on the_content --><!-- AddThis Share Buttons generic via filter on the_content -->","protected":false},"excerpt":{"rendered":"<p>La ma\u00eetrise du latin par la pratique Etienne Famerie (Professeur \u00e0 l\u2019Universit\u00e9 de Li\u00e8ge, o\u00f9 il dispense des enseignements dans le domaine des langues et lettres classiques (langue et philologie latines, \u00e9pigraphie grecque et latine), vient de faire para\u00eetre un nouvel ouvrage d&rsquo;apprentissage de la langue latine aux \u00e9ditions Armand Colin. Cet ouvrage est un &hellip; <a href=\"https:\/\/www.antiquite-avenir.org\/?p=787\" class=\"more-link\">Continuer la lecture de <span class=\"screen-reader-text\">La ma\u00eetrise du latin par la pratique<\/span>  <span class=\"meta-nav\">&rarr;<\/span><\/a><!-- AddThis Advanced Settings generic via filter on wp_trim_excerpt --><!-- AddThis Share Buttons generic via filter on wp_trim_excerpt --><\/p>\n","protected":false},"author":1,"featured_media":0,"comment_status":"closed","ping_status":"open","sticky":false,"template":"","format":"standard","meta":{"footnotes":""},"categories":[11,12,9,17,18],"tags":[],"class_list":["post-787","post","type-post","status-publish","format-standard","hentry","category-antiquite-avenir-signale","category-bibliotheque","category-informations-relayees","category-parutions","category-publications"],"_links":{"self":[{"href":"https:\/\/www.antiquite-avenir.org\/index.php?rest_route=\/wp\/v2\/posts\/787","targetHints":{"allow":["GET"]}}],"collection":[{"href":"https:\/\/www.antiquite-avenir.org\/index.php?rest_route=\/wp\/v2\/posts"}],"about":[{"href":"https:\/\/www.antiquite-avenir.org\/index.php?rest_route=\/wp\/v2\/types\/post"}],"author":[{"embeddable":true,"href":"https:\/\/www.antiquite-avenir.org\/index.php?rest_route=\/wp\/v2\/users\/1"}],"replies":[{"embeddable":true,"href":"https:\/\/www.antiquite-avenir.org\/index.php?rest_route=%2Fwp%2Fv2%2Fcomments&post=787"}],"version-history":[{"count":1,"href":"https:\/\/www.antiquite-avenir.org\/index.php?rest_route=\/wp\/v2\/posts\/787\/revisions"}],"predecessor-version":[{"id":789,"href":"https:\/\/www.antiquite-avenir.org\/index.php?rest_route=\/wp\/v2\/posts\/787\/revisions\/789"}],"wp:attachment":[{"href":"https:\/\/www.antiquite-avenir.org\/index.php?rest_route=%2Fwp%2Fv2%2Fmedia&parent=787"}],"wp:term":[{"taxonomy":"category","embeddable":true,"href":"https:\/\/www.antiquite-avenir.org\/index.php?rest_route=%2Fwp%2Fv2%2Fcategories&post=787"},{"taxonomy":"post_tag","embeddable":true,"href":"https:\/\/www.antiquite-avenir.org\/index.php?rest_route=%2Fwp%2Fv2%2Ftags&post=787"}],"curies":[{"name":"wp","href":"https:\/\/api.w.org\/{rel}","templated":true}]}}