{"id":710,"date":"2019-11-19T23:15:16","date_gmt":"2019-11-19T22:15:16","guid":{"rendered":"http:\/\/www.antiquite-avenir.org\/?p=710"},"modified":"2019-11-19T23:15:16","modified_gmt":"2019-11-19T22:15:16","slug":"recension-4_p-ismard_la-cite-des-esclaves","status":"publish","type":"post","link":"https:\/\/www.antiquite-avenir.org\/?p=710","title":{"rendered":"Recension 4_P. Ismard_La cit\u00e9 des esclaves"},"content":{"rendered":"<p style=\"text-align: center;\"><strong>La Cit\u00e9 des Esclaves. Institution, fictions, exp\u00e9riences<\/strong><\/p>\n<p>L&rsquo;ouvrage de Paulin ISMARD (ma\u00eetre de conf\u00e9rences HDR en histoire grecque \u00e0 l\u2019universit\u00e9 de Paris-1 Panth\u00e9on-Sorbonne, membre du centre Anthropologie et Histoire des Mondes Antiques, et actuellement membre de l\u2019Institut Universitaire de France ), <i>La cit\u00e9 et ses esclaves. Institution, fictions, exp\u00e9riences<\/i> (Paris, \u00c9ditions du Seuil, 2019, 382 p.) a fait l&rsquo;objet d&rsquo;une recension de la part de Monique BILL,\u00a0Ma\u00eetre de conf\u00e9rences \u00e9m\u00e9rite de grec &#8211; Universit\u00e9 de Lorraine. En voici le compte rendu :<\/p>\n<p><a href=\"http:\/\/antiquite-avenir.org\/wp-content\/uploads\/2019\/11\/P.-Ismard_La-cit\u00e9-des-esclaves.pdf\">P. Ismard_La cit\u00e9 des esclaves<\/a><\/p>\n<!-- AddThis Advanced Settings generic via filter on the_content --><!-- AddThis Share Buttons generic via filter on the_content -->","protected":false},"excerpt":{"rendered":"<p>La Cit\u00e9 des Esclaves. Institution, fictions, exp\u00e9riences L&rsquo;ouvrage de Paulin ISMARD (ma\u00eetre de conf\u00e9rences HDR en histoire grecque \u00e0 l\u2019universit\u00e9 de Paris-1 Panth\u00e9on-Sorbonne, membre du centre Anthropologie et Histoire des Mondes Antiques, et actuellement membre de l\u2019Institut Universitaire de France ), La cit\u00e9 et ses esclaves. Institution, fictions, exp\u00e9riences (Paris, \u00c9ditions du Seuil, 2019, 382 &hellip; <a href=\"https:\/\/www.antiquite-avenir.org\/?p=710\" class=\"more-link\">Continuer la lecture de <span class=\"screen-reader-text\">Recension 4_P. Ismard_La cit\u00e9 des esclaves<\/span>  <span class=\"meta-nav\">&rarr;<\/span><\/a><!-- AddThis Advanced Settings generic via filter on wp_trim_excerpt --><!-- AddThis Share Buttons generic via filter on wp_trim_excerpt --><\/p>\n","protected":false},"author":1,"featured_media":0,"comment_status":"closed","ping_status":"open","sticky":false,"template":"","format":"standard","meta":{"footnotes":""},"categories":[11,12,9,17],"tags":[],"class_list":["post-710","post","type-post","status-publish","format-standard","hentry","category-antiquite-avenir-signale","category-bibliotheque","category-informations-relayees","category-parutions"],"_links":{"self":[{"href":"https:\/\/www.antiquite-avenir.org\/index.php?rest_route=\/wp\/v2\/posts\/710","targetHints":{"allow":["GET"]}}],"collection":[{"href":"https:\/\/www.antiquite-avenir.org\/index.php?rest_route=\/wp\/v2\/posts"}],"about":[{"href":"https:\/\/www.antiquite-avenir.org\/index.php?rest_route=\/wp\/v2\/types\/post"}],"author":[{"embeddable":true,"href":"https:\/\/www.antiquite-avenir.org\/index.php?rest_route=\/wp\/v2\/users\/1"}],"replies":[{"embeddable":true,"href":"https:\/\/www.antiquite-avenir.org\/index.php?rest_route=%2Fwp%2Fv2%2Fcomments&post=710"}],"version-history":[{"count":1,"href":"https:\/\/www.antiquite-avenir.org\/index.php?rest_route=\/wp\/v2\/posts\/710\/revisions"}],"predecessor-version":[{"id":712,"href":"https:\/\/www.antiquite-avenir.org\/index.php?rest_route=\/wp\/v2\/posts\/710\/revisions\/712"}],"wp:attachment":[{"href":"https:\/\/www.antiquite-avenir.org\/index.php?rest_route=%2Fwp%2Fv2%2Fmedia&parent=710"}],"wp:term":[{"taxonomy":"category","embeddable":true,"href":"https:\/\/www.antiquite-avenir.org\/index.php?rest_route=%2Fwp%2Fv2%2Fcategories&post=710"},{"taxonomy":"post_tag","embeddable":true,"href":"https:\/\/www.antiquite-avenir.org\/index.php?rest_route=%2Fwp%2Fv2%2Ftags&post=710"}],"curies":[{"name":"wp","href":"https:\/\/api.w.org\/{rel}","templated":true}]}}