{"id":647,"date":"2019-03-15T22:39:28","date_gmt":"2019-03-15T21:39:28","guid":{"rendered":"http:\/\/www.antiquite-avenir.org\/?p=647"},"modified":"2019-03-15T22:39:28","modified_gmt":"2019-03-15T21:39:28","slug":"vive-le-latin_nicolas-gardini","status":"publish","type":"post","link":"https:\/\/www.antiquite-avenir.org\/?p=647","title":{"rendered":"Vive le latin_Nicolas Gardini"},"content":{"rendered":"<p style=\"text-align: center;\"><em>Vive le Latin<\/em><\/p>\n<p style=\"text-align: center;\">Nicolas Gardini<\/p>\n<p>Avec \u00abVive le latin\u00bb, Nicola Gardini signe un plaidoyer \u00e9rudit et chaleureux destin\u00e9 \u00e0 \u00e9largir notre paysage culturel r\u00e9tr\u00e9ci et d\u00e9figur\u00e9 par le \u00abpidgin\u00bb de la communication et des m\u00e9dias.<\/p>\n<p>Voici le compte rendu de cet essai:<\/p>\n<p><a href=\"http:\/\/antiquite-avenir.org\/wp-content\/uploads\/2019\/03\/FC_Vive-le-latin_Gardini_Warte_14.02.19.pdf\">FC_Vive le latin_Gardini_Warte_14.02.19<\/a><\/p>\n<!-- AddThis Advanced Settings generic via filter on the_content --><!-- AddThis Share Buttons generic via filter on the_content -->","protected":false},"excerpt":{"rendered":"<p>Vive le Latin Nicolas Gardini Avec \u00abVive le latin\u00bb, Nicola Gardini signe un plaidoyer \u00e9rudit et chaleureux destin\u00e9 \u00e0 \u00e9largir notre paysage culturel r\u00e9tr\u00e9ci et d\u00e9figur\u00e9 par le \u00abpidgin\u00bb de la communication et des m\u00e9dias. Voici le compte rendu de cet essai: FC_Vive le latin_Gardini_Warte_14.02.19<!-- AddThis Advanced Settings generic via filter on wp_trim_excerpt --><!-- AddThis Share Buttons generic via filter on wp_trim_excerpt --><\/p>\n","protected":false},"author":1,"featured_media":0,"comment_status":"closed","ping_status":"open","sticky":false,"template":"","format":"standard","meta":{"footnotes":""},"categories":[17],"tags":[],"class_list":["post-647","post","type-post","status-publish","format-standard","hentry","category-parutions"],"_links":{"self":[{"href":"https:\/\/www.antiquite-avenir.org\/index.php?rest_route=\/wp\/v2\/posts\/647","targetHints":{"allow":["GET"]}}],"collection":[{"href":"https:\/\/www.antiquite-avenir.org\/index.php?rest_route=\/wp\/v2\/posts"}],"about":[{"href":"https:\/\/www.antiquite-avenir.org\/index.php?rest_route=\/wp\/v2\/types\/post"}],"author":[{"embeddable":true,"href":"https:\/\/www.antiquite-avenir.org\/index.php?rest_route=\/wp\/v2\/users\/1"}],"replies":[{"embeddable":true,"href":"https:\/\/www.antiquite-avenir.org\/index.php?rest_route=%2Fwp%2Fv2%2Fcomments&post=647"}],"version-history":[{"count":1,"href":"https:\/\/www.antiquite-avenir.org\/index.php?rest_route=\/wp\/v2\/posts\/647\/revisions"}],"predecessor-version":[{"id":649,"href":"https:\/\/www.antiquite-avenir.org\/index.php?rest_route=\/wp\/v2\/posts\/647\/revisions\/649"}],"wp:attachment":[{"href":"https:\/\/www.antiquite-avenir.org\/index.php?rest_route=%2Fwp%2Fv2%2Fmedia&parent=647"}],"wp:term":[{"taxonomy":"category","embeddable":true,"href":"https:\/\/www.antiquite-avenir.org\/index.php?rest_route=%2Fwp%2Fv2%2Fcategories&post=647"},{"taxonomy":"post_tag","embeddable":true,"href":"https:\/\/www.antiquite-avenir.org\/index.php?rest_route=%2Fwp%2Fv2%2Ftags&post=647"}],"curies":[{"name":"wp","href":"https:\/\/api.w.org\/{rel}","templated":true}]}}