{"id":421,"date":"2017-09-04T09:37:40","date_gmt":"2017-09-04T07:37:40","guid":{"rendered":"http:\/\/www.antiquite-avenir.org\/?p=421"},"modified":"2017-09-04T09:46:26","modified_gmt":"2017-09-04T07:46:26","slug":"compte-rendu-de-laudience-dantiquite-avenir-au-ministere-de-lenseignement-superieur-de-la-recherche-et-de-linnovation-le-vendredi-1er-septembre-2017","status":"publish","type":"post","link":"https:\/\/www.antiquite-avenir.org\/?p=421","title":{"rendered":"Compte-rendu de l&rsquo;audience d&rsquo;Antiquit\u00e9-Avenir au Minist\u00e8re de l&rsquo;Enseignement sup\u00e9rieur, de la Recherche et de l&rsquo;Innovation, le vendredi 1er septembre 2017"},"content":{"rendered":"<p><strong>Rencontre avec Anne-Sophie Barthez conseill\u00e8re aupr\u00e8s de madame Vidal, Ministre de l\u2019ESRI.<\/strong><\/p>\n<p>La rencontre d\u00e9bute \u00e0 16H 05.<br \/>\nJacques Bouineau, Cecilia Suzzoni et Antonio Gonzales repr\u00e9sentent Antiquit\u00e9 Avenir.<\/p>\n<p style=\"text-align: justify;\">Jacques Bouineau pr\u00e9sente Antiquit\u00e9 Avenir en insistant sur la notion de r\u00e9seau, qui r\u00e9unit \u00e0 ce jour 32 associations. L\u2019int\u00e9r\u00eat commun qui anime les membres d\u2019Antiquit\u00e9-Avenir est celui de l\u2019Antiquit\u00e9 comme ensemble culturel, mais aussi comme vecteur de r\u00e9flexion structurelle sur sa place dans notre culture et sur son r\u00f4le pour la compr\u00e9hension du pass\u00e9, du pr\u00e9sent et des enjeux \u00e0 venir, \u00e0 l\u2019\u00e9chelle euro-m\u00e9diterran\u00e9enne, mais pas seulement.<br \/>\nLe souhait exprim\u00e9 par Jacques Bouineau est de voir le MESRI jouer un r\u00f4le actif lors des EGA du 9 juin 2018. Anne-Sophie Barthez a soulign\u00e9 son int\u00e9r\u00eat et mesur\u00e9 la n\u00e9cessit\u00e9 de participer \u00e0 une telle rencontre.<br \/>\nElle a mesur\u00e9 d\u2019embl\u00e9e le r\u00f4le que pouvait jouer AA dans la r\u00e9flexion sur l\u2019avenir des formations de premier cycle universitaire. Le Minist\u00e8re poursuit, en ce moment, une discussion avec 26 organisations (syndicales, corporatives\u2026) sur l\u2019\u00e9chec en premier cycle et les moyens d\u2019y rem\u00e9dier. Anne-Sophie Barthez nous a pr\u00e9cis\u00e9 qu\u2019il s\u2019agissait l\u00e0 sans doute du chantier central que s\u2019\u00e9tait fix\u00e9 le Ministre.<br \/>\nNous avons insist\u00e9 sur la n\u00e9cessit\u00e9 d\u2019associer l\u2019ensemble des acteurs li\u00e9s \u00e0 la culture classique en rappelant que la place des formations en histoire, langues, droit, arts, arch\u00e9ologie et autres disciplines li\u00e9es \u00e0 l\u2019Antiquit\u00e9 \u00e9tait un moyen efficace pour fonder, consolider ou ouvrir les bases de la culture des \u00e9tudiants de premier cycle universitaire. Nous avons tenu \u00e0 insister sur la n\u00e9cessit\u00e9 d\u2019accorder une place centrale \u00e0 ce pilier de notre culture.<br \/>\nNous avons \u00e9galement mis en \u00e9vidence le r\u00f4le que nous pourrions jouer dans la relance d\u2019une r\u00e9flexion sur l\u2019Europe et sur les rapports euro-m\u00e9diterran\u00e9ens.<br \/>\nNous avons enfin exprim\u00e9 le souhait de cr\u00e9er une fondation AA. Anne-Sophie Barthez nous a demand\u00e9 pourquoi. Jacques Bouineau a tenu \u00e0 pr\u00e9ciser le r\u00f4le moteur qu\u2019une telle institution peut jouer pour la visibilit\u00e9 de l\u2019int\u00e9r\u00eat port\u00e9 \u00e0 l\u2019Antiquit\u00e9, et pour obtenir une labellisation de patrimoine culturel aupr\u00e8s de l\u2019UNESCO pour la M\u00e9diterran\u00e9e antique en tant qu\u2019entit\u00e9 globale.<br \/>\nNous laissons en partant le <a href=\"http:\/\/www.antiquite-avenir.org\/?attachment_id=424\" target=\"_blank\" rel=\"attachment wp-att-424 noopener\">document\u00a0<\/a>contenant les grandes lignes de pr\u00e9sentation que nous avions arr\u00eat\u00e9es ensemble.<\/p>\n<p>La rencontre s\u2019ach\u00e8ve \u00e0 16h 55<\/p>\n<!-- AddThis Advanced Settings generic via filter on the_content --><!-- AddThis Share Buttons generic via filter on the_content -->","protected":false},"excerpt":{"rendered":"<p>Rencontre avec Anne-Sophie Barthez conseill\u00e8re aupr\u00e8s de madame Vidal, Ministre de l\u2019ESRI. La rencontre d\u00e9bute \u00e0 16H 05. Jacques Bouineau, Cecilia Suzzoni et Antonio Gonzales repr\u00e9sentent Antiquit\u00e9 Avenir. Jacques Bouineau pr\u00e9sente Antiquit\u00e9 Avenir en insistant sur la notion de r\u00e9seau, qui r\u00e9unit \u00e0 ce jour 32 associations. L\u2019int\u00e9r\u00eat commun qui anime les membres d\u2019Antiquit\u00e9-Avenir est &hellip; <a href=\"https:\/\/www.antiquite-avenir.org\/?p=421\" class=\"more-link\">Continuer la lecture de <span class=\"screen-reader-text\">Compte-rendu de l&rsquo;audience d&rsquo;Antiquit\u00e9-Avenir au Minist\u00e8re de l&rsquo;Enseignement sup\u00e9rieur, de la Recherche et de l&rsquo;Innovation, le vendredi 1er septembre 2017<\/span>  <span class=\"meta-nav\">&rarr;<\/span><\/a><!-- AddThis Advanced Settings generic via filter on wp_trim_excerpt --><!-- AddThis Share Buttons generic via filter on wp_trim_excerpt --><\/p>\n","protected":false},"author":3,"featured_media":0,"comment_status":"closed","ping_status":"open","sticky":false,"template":"","format":"standard","meta":{"footnotes":""},"categories":[6],"tags":[],"class_list":["post-421","post","type-post","status-publish","format-standard","hentry","category-archives"],"_links":{"self":[{"href":"https:\/\/www.antiquite-avenir.org\/index.php?rest_route=\/wp\/v2\/posts\/421","targetHints":{"allow":["GET"]}}],"collection":[{"href":"https:\/\/www.antiquite-avenir.org\/index.php?rest_route=\/wp\/v2\/posts"}],"about":[{"href":"https:\/\/www.antiquite-avenir.org\/index.php?rest_route=\/wp\/v2\/types\/post"}],"author":[{"embeddable":true,"href":"https:\/\/www.antiquite-avenir.org\/index.php?rest_route=\/wp\/v2\/users\/3"}],"replies":[{"embeddable":true,"href":"https:\/\/www.antiquite-avenir.org\/index.php?rest_route=%2Fwp%2Fv2%2Fcomments&post=421"}],"version-history":[{"count":8,"href":"https:\/\/www.antiquite-avenir.org\/index.php?rest_route=\/wp\/v2\/posts\/421\/revisions"}],"predecessor-version":[{"id":430,"href":"https:\/\/www.antiquite-avenir.org\/index.php?rest_route=\/wp\/v2\/posts\/421\/revisions\/430"}],"wp:attachment":[{"href":"https:\/\/www.antiquite-avenir.org\/index.php?rest_route=%2Fwp%2Fv2%2Fmedia&parent=421"}],"wp:term":[{"taxonomy":"category","embeddable":true,"href":"https:\/\/www.antiquite-avenir.org\/index.php?rest_route=%2Fwp%2Fv2%2Fcategories&post=421"},{"taxonomy":"post_tag","embeddable":true,"href":"https:\/\/www.antiquite-avenir.org\/index.php?rest_route=%2Fwp%2Fv2%2Ftags&post=421"}],"curies":[{"name":"wp","href":"https:\/\/api.w.org\/{rel}","templated":true}]}}