{"id":417,"date":"2017-08-29T16:05:52","date_gmt":"2017-08-29T14:05:52","guid":{"rendered":"http:\/\/www.antiquite-avenir.org\/?p=417"},"modified":"2017-08-29T16:05:52","modified_gmt":"2017-08-29T14:05:52","slug":"audience-darrete-ton-char-aupres-du-ministre-de-leducation-nationale","status":"publish","type":"post","link":"https:\/\/www.antiquite-avenir.org\/?p=417","title":{"rendered":"Audience d&rsquo;Arr\u00eate Ton Char! aupr\u00e8s du ministre de l&rsquo;\u00e9ducation nationale"},"content":{"rendered":"<p>Les repr\u00e9sentants de l&rsquo;association Arr\u00eate Ton Char!, membre \u00a0d&rsquo;Antiquit\u00e9-Avenir, ont \u00e9t\u00e9 re\u00e7us\u00a0par Jean-Michel Blanquer et son d\u00e9l\u00e9gu\u00e9 interminist\u00e9riel vendredi 21 juillet.<\/p>\n<p>Arr\u00eate Ton Char lui a pr\u00e9sent\u00e9 une liste de pr\u00e9conisations concernant sa volont\u00e9 de renouveau des Langues &amp; Cultures de l\u2019Antiquit\u00e9 et la n\u00e9cessaire revalorisation de la fili\u00e8re litt\u00e9raire.<\/p>\n<p>Cette audience a \u00e9galement \u00e9t\u00e9 l&rsquo;occasion d&rsquo;\u00e9voquer\u00a0\u00a0les travaux d\u2019Antiquit\u00e9 Avenir pour lesquels le ministre a manifest\u00e9 son int\u00e9r\u00eat.<\/p>\n<p><a href=\"http:\/\/www.arretetonchar.fr\/bilan-et-preconisations-au-ministre-jean-michel-blanquer-pour-le-renouveau-de-lenseignement-des-lca\/\" target=\"_blank\">Le dossier complet remis au Ministre ainsi que la synth\u00e8se des propositions<\/a> peuvent \u00eatre consult\u00e9s sur le site d&rsquo;ATC.<\/p>\n<!-- AddThis Advanced Settings generic via filter on the_content --><!-- AddThis Share Buttons generic via filter on the_content -->","protected":false},"excerpt":{"rendered":"<p>Les repr\u00e9sentants de l&rsquo;association Arr\u00eate Ton Char!, membre \u00a0d&rsquo;Antiquit\u00e9-Avenir, ont \u00e9t\u00e9 re\u00e7us\u00a0par Jean-Michel Blanquer et son d\u00e9l\u00e9gu\u00e9 interminist\u00e9riel vendredi 21 juillet. Arr\u00eate Ton Char lui a pr\u00e9sent\u00e9 une liste de pr\u00e9conisations concernant sa volont\u00e9 de renouveau des Langues &amp; Cultures de l\u2019Antiquit\u00e9 et la n\u00e9cessaire revalorisation de la fili\u00e8re litt\u00e9raire. Cette audience a \u00e9galement \u00e9t\u00e9 &hellip; <a href=\"https:\/\/www.antiquite-avenir.org\/?p=417\" class=\"more-link\">Continuer la lecture de <span class=\"screen-reader-text\">Audience d&rsquo;Arr\u00eate Ton Char! aupr\u00e8s du ministre de l&rsquo;\u00e9ducation nationale<\/span>  <span class=\"meta-nav\">&rarr;<\/span><\/a><!-- AddThis Advanced Settings generic via filter on wp_trim_excerpt --><!-- AddThis Share Buttons generic via filter on wp_trim_excerpt --><\/p>\n","protected":false},"author":3,"featured_media":0,"comment_status":"closed","ping_status":"open","sticky":false,"template":"","format":"standard","meta":{"footnotes":""},"categories":[9],"tags":[],"class_list":["post-417","post","type-post","status-publish","format-standard","hentry","category-informations-relayees"],"_links":{"self":[{"href":"https:\/\/www.antiquite-avenir.org\/index.php?rest_route=\/wp\/v2\/posts\/417","targetHints":{"allow":["GET"]}}],"collection":[{"href":"https:\/\/www.antiquite-avenir.org\/index.php?rest_route=\/wp\/v2\/posts"}],"about":[{"href":"https:\/\/www.antiquite-avenir.org\/index.php?rest_route=\/wp\/v2\/types\/post"}],"author":[{"embeddable":true,"href":"https:\/\/www.antiquite-avenir.org\/index.php?rest_route=\/wp\/v2\/users\/3"}],"replies":[{"embeddable":true,"href":"https:\/\/www.antiquite-avenir.org\/index.php?rest_route=%2Fwp%2Fv2%2Fcomments&post=417"}],"version-history":[{"count":1,"href":"https:\/\/www.antiquite-avenir.org\/index.php?rest_route=\/wp\/v2\/posts\/417\/revisions"}],"predecessor-version":[{"id":420,"href":"https:\/\/www.antiquite-avenir.org\/index.php?rest_route=\/wp\/v2\/posts\/417\/revisions\/420"}],"wp:attachment":[{"href":"https:\/\/www.antiquite-avenir.org\/index.php?rest_route=%2Fwp%2Fv2%2Fmedia&parent=417"}],"wp:term":[{"taxonomy":"category","embeddable":true,"href":"https:\/\/www.antiquite-avenir.org\/index.php?rest_route=%2Fwp%2Fv2%2Fcategories&post=417"},{"taxonomy":"post_tag","embeddable":true,"href":"https:\/\/www.antiquite-avenir.org\/index.php?rest_route=%2Fwp%2Fv2%2Ftags&post=417"}],"curies":[{"name":"wp","href":"https:\/\/api.w.org\/{rel}","templated":true}]}}