{"id":1550,"date":"2026-03-13T11:53:09","date_gmt":"2026-03-13T10:53:09","guid":{"rendered":"https:\/\/www.antiquite-avenir.org\/?p=1550"},"modified":"2026-03-13T12:25:03","modified_gmt":"2026-03-13T11:25:03","slug":"remise-depee-a-marc-baratin-membre-de-linstitut","status":"publish","type":"post","link":"https:\/\/www.antiquite-avenir.org\/?p=1550","title":{"rendered":"Remise d&rsquo;\u00e9p\u00e9e \u00e0 Marc Baratin, membre de l&rsquo;Institut"},"content":{"rendered":"<p>Pour c\u00e9l\u00e9brer l&rsquo;\u00e9lection de Marc Baratin \u00e0 l&rsquo;Acad\u00e9mie des Inscriptions et Belles-Lettres, une c\u00e9r\u00e9monie s&rsquo;est d\u00e9roul\u00e9e le jeudi 12 mars 2026. A cette occasion, son \u00e9p\u00e9e lui a \u00e9t\u00e9 remise dans le Grand Salon du Rectorat de Paris.<\/p>\n<p>Nous renouvelons nos f\u00e9licitations \u00e0 Marc Baratin, membre du directoire d&rsquo;Antiquit\u00e9-Avenir.<\/p>\n<p><a href=\"https:\/\/www.antiquite-avenir.org\/?attachment_id=1554\" rel=\"attachment wp-att-1554\"><img loading=\"lazy\" decoding=\"async\" class=\"aligncenter size-thumbnail wp-image-1554\" src=\"http:\/\/antiquite-avenir.org\/wp-content\/uploads\/2026\/03\/epee_M_Baratin-150x150.jpg\" alt=\"\" width=\"150\" height=\"150\" \/><\/a><\/p>\n<!-- AddThis Advanced Settings generic via filter on the_content --><!-- AddThis Share Buttons generic via filter on the_content -->","protected":false},"excerpt":{"rendered":"<p>Pour c\u00e9l\u00e9brer l&rsquo;\u00e9lection de Marc Baratin \u00e0 l&rsquo;Acad\u00e9mie des Inscriptions et Belles-Lettres, une c\u00e9r\u00e9monie s&rsquo;est d\u00e9roul\u00e9e le jeudi 12 mars 2026. A cette occasion, son \u00e9p\u00e9e lui a \u00e9t\u00e9 remise dans le Grand Salon du Rectorat de Paris. Nous renouvelons nos f\u00e9licitations \u00e0 Marc Baratin, membre du directoire d&rsquo;Antiquit\u00e9-Avenir.<!-- AddThis Advanced Settings generic via filter on wp_trim_excerpt --><!-- AddThis Share Buttons generic via filter on wp_trim_excerpt --><\/p>\n","protected":false},"author":1,"featured_media":0,"comment_status":"closed","ping_status":"open","sticky":false,"template":"","format":"image","meta":{"footnotes":""},"categories":[11],"tags":[],"class_list":["post-1550","post","type-post","status-publish","format-image","hentry","category-antiquite-avenir-signale","post_format-post-format-image"],"_links":{"self":[{"href":"https:\/\/www.antiquite-avenir.org\/index.php?rest_route=\/wp\/v2\/posts\/1550","targetHints":{"allow":["GET"]}}],"collection":[{"href":"https:\/\/www.antiquite-avenir.org\/index.php?rest_route=\/wp\/v2\/posts"}],"about":[{"href":"https:\/\/www.antiquite-avenir.org\/index.php?rest_route=\/wp\/v2\/types\/post"}],"author":[{"embeddable":true,"href":"https:\/\/www.antiquite-avenir.org\/index.php?rest_route=\/wp\/v2\/users\/1"}],"replies":[{"embeddable":true,"href":"https:\/\/www.antiquite-avenir.org\/index.php?rest_route=%2Fwp%2Fv2%2Fcomments&post=1550"}],"version-history":[{"count":3,"href":"https:\/\/www.antiquite-avenir.org\/index.php?rest_route=\/wp\/v2\/posts\/1550\/revisions"}],"predecessor-version":[{"id":1555,"href":"https:\/\/www.antiquite-avenir.org\/index.php?rest_route=\/wp\/v2\/posts\/1550\/revisions\/1555"}],"wp:attachment":[{"href":"https:\/\/www.antiquite-avenir.org\/index.php?rest_route=%2Fwp%2Fv2%2Fmedia&parent=1550"}],"wp:term":[{"taxonomy":"category","embeddable":true,"href":"https:\/\/www.antiquite-avenir.org\/index.php?rest_route=%2Fwp%2Fv2%2Fcategories&post=1550"},{"taxonomy":"post_tag","embeddable":true,"href":"https:\/\/www.antiquite-avenir.org\/index.php?rest_route=%2Fwp%2Fv2%2Ftags&post=1550"}],"curies":[{"name":"wp","href":"https:\/\/api.w.org\/{rel}","templated":true}]}}